{"id":47,"date":"2021-08-03T00:00:26","date_gmt":"2021-08-03T00:00:26","guid":{"rendered":"https:\/\/gaviaspreview.com\/wp\/orgarium\/?p=47"},"modified":"2023-08-15T00:00:07","modified_gmt":"2023-08-15T00:00:07","slug":"organic-food-export-can-transform-economy","status":"publish","type":"post","link":"https:\/\/fundaciontecnolog.org\/index.php\/2021\/08\/03\/organic-food-export-can-transform-economy\/","title":{"rendered":"Marco de Cooperaci\u00f3n entre Grupo RAS \u2013 Centro TECNOLOG y el LATU"},"content":{"rendered":"\n<p>El objeto del mismo es el establecimiento de un marco de actuaci\u00f3n para la colaboraci\u00f3n entre las 2 instituciones en el desarrollo de actividades y en la ejecuci\u00f3n de proyectos para la generaci\u00f3n y transferencia de conocimiento cient\u00edfico-tecnol\u00f3gico de inter\u00e9s para las partes.<\/p>\n\n\n\n<p>El mismo fue suscripto con la firma del Presidente de <strong>Grupo RAS<\/strong> y <strong>Centro TECNOLOG<\/strong>, Sr. Ruben Azar Scarone y del LATU, Ing. Ruperto Long.<\/p>\n\n\n\n<div class=\"wp-block-group\"><div class=\"wp-block-group__inner-container is-layout-constrained wp-block-group-is-layout-constrained\">\n<h4 class=\"wp-block-heading\">Algunas de las modalidades de colaboraci\u00f3n interinstitucional ser\u00e1n:<\/h4>\n\n\n\n<p><strong>a)<\/strong> Intercambio de informaci\u00f3n y conocimiento con el objetivo de desarrollar y ejecutar conjuntamente actividades de investigaci\u00f3n cient\u00edfica t\u00e9cnica y su desarrollo.<br><strong>b)<\/strong> Auspiciar trabajos de inter\u00e9s acad\u00e9mico con la participaci\u00f3n de una entidad educativa en temas de inter\u00e9s com\u00fan.<br><strong>c)<\/strong> Cooperaci\u00f3n en programas de investigaci\u00f3n, desarrollo e innovaci\u00f3n, as\u00ed como formaci\u00f3n y capacitaci\u00f3n de personal investigador y t\u00e9cnicos de la empresa.<br><strong>d)<\/strong> Asesoramiento en cuestiones relacionadas con las actividades de la empresa o terceros que sean vinculados a trav\u00e9s de <strong>Grupo RAS<\/strong>.<br><strong>e)<\/strong> Colaboraci\u00f3n en la realizaci\u00f3n de actividades comunes, mediante el aporte de la infraestructura, el equipamiento, y los recursos humanos que se entiendan del caso, supeditado a la disponibilidad presupuestaria o de recursos de cada parte.<br><strong>f)<\/strong> Transferencia de tecnolog\u00eda.<br><strong>g)<\/strong> Promover una gesti\u00f3n sostenible en la red de valor del Grupo, contribuyendo al logro de los Objetivos de Desarrollo Sostenible del Pacto Mundial.<\/p>\n<\/div><\/div>\n\n\n\n<p>De esta forma <strong>Grupo RAS<\/strong> sigue avanzando en innovaci\u00f3n y desarrollo de proyectos con \u00e9nfasis en el \u00e1rea log\u00edstica.<\/p>\n","protected":false},"excerpt":{"rendered":"<p>There are many variations of but the majority have simply free text.<\/p>\n","protected":false},"author":1,"featured_media":1900,"comment_status":"open","ping_status":"closed","sticky":false,"template":"","format":"standard","meta":{"rs_blank_template":"","rs_page_bg_color":"","slide_template_v7":"","footnotes":""},"categories":[18],"tags":[51,48,49,50],"class_list":["post-47","post","type-post","status-publish","format-standard","has-post-thumbnail","hentry","category-convenio","tag-centro-tecnolog","tag-convenio","tag-grupo-ras","tag-latu"],"featured_image_src":"https:\/\/fundaciontecnolog.org\/wp-content\/uploads\/2021\/08\/convenio_latu_2021.jpg","author_info":{"display_name":"admin","author_link":"https:\/\/fundaciontecnolog.org\/index.php\/author\/doblev23\/"},"_links":{"self":[{"href":"https:\/\/fundaciontecnolog.org\/index.php\/wp-json\/wp\/v2\/posts\/47","targetHints":{"allow":["GET"]}}],"collection":[{"href":"https:\/\/fundaciontecnolog.org\/index.php\/wp-json\/wp\/v2\/posts"}],"about":[{"href":"https:\/\/fundaciontecnolog.org\/index.php\/wp-json\/wp\/v2\/types\/post"}],"author":[{"embeddable":true,"href":"https:\/\/fundaciontecnolog.org\/index.php\/wp-json\/wp\/v2\/users\/1"}],"replies":[{"embeddable":true,"href":"https:\/\/fundaciontecnolog.org\/index.php\/wp-json\/wp\/v2\/comments?post=47"}],"version-history":[{"count":5,"href":"https:\/\/fundaciontecnolog.org\/index.php\/wp-json\/wp\/v2\/posts\/47\/revisions"}],"predecessor-version":[{"id":2042,"href":"https:\/\/fundaciontecnolog.org\/index.php\/wp-json\/wp\/v2\/posts\/47\/revisions\/2042"}],"wp:featuredmedia":[{"embeddable":true,"href":"https:\/\/fundaciontecnolog.org\/index.php\/wp-json\/wp\/v2\/media\/1900"}],"wp:attachment":[{"href":"https:\/\/fundaciontecnolog.org\/index.php\/wp-json\/wp\/v2\/media?parent=47"}],"wp:term":[{"taxonomy":"category","embeddable":true,"href":"https:\/\/fundaciontecnolog.org\/index.php\/wp-json\/wp\/v2\/categories?post=47"},{"taxonomy":"post_tag","embeddable":true,"href":"https:\/\/fundaciontecnolog.org\/index.php\/wp-json\/wp\/v2\/tags?post=47"}],"curies":[{"name":"wp","href":"https:\/\/api.w.org\/{rel}","templated":true}]}}