{"id":2694,"date":"2026-04-30T14:47:32","date_gmt":"2026-04-30T14:47:32","guid":{"rendered":"https:\/\/fundaciontecnolog.org\/?p=2694"},"modified":"2026-04-30T14:47:34","modified_gmt":"2026-04-30T14:47:34","slug":"evento-impacto-del-acuerdo-ue-mercosur-en-la-exportacion-de-servicios-logisticos","status":"publish","type":"post","link":"https:\/\/fundaciontecnolog.org\/index.php\/2026\/04\/30\/evento-impacto-del-acuerdo-ue-mercosur-en-la-exportacion-de-servicios-logisticos\/","title":{"rendered":"Evento \u201cImpacto del Acuerdo UE\u2013Mercosur en la exportaci\u00f3n de servicios log\u00edsticos\u201d"},"content":{"rendered":"\n<p>Desde Fundaci\u00f3n Tecnolog llevamos adelante el encuentro \u201cImpacto del Acuerdo UE\u2013Mercosur en la exportaci\u00f3n de servicios log\u00edsticos\u201d, un espacio orientado a analizar las oportunidades que este marco abre para Uruguay en su desarrollo econ\u00f3mico y proyecci\u00f3n regional.<br><br>La jornada reuni\u00f3 a referentes del sector p\u00fablico y privado para abordar el rol de la log\u00edstica como motor estrat\u00e9gico del crecimiento, as\u00ed como su capacidad para consolidar a Uruguay como un hub log\u00edstico en la regi\u00f3n.<br><br>El panel cont\u00f3 con la participaci\u00f3n de <a href=\"https:\/\/www.linkedin.com\/in\/valeria-csukasi-70a760b7\/\"><strong>Valeria Csukasi<\/strong><\/a> (Subsecretaria del <a href=\"https:\/\/www.linkedin.com\/company\/mrree\/\"><strong>Ministerio de Relaciones Exteriores Uruguay<\/strong><\/a>), <a href=\"https:\/\/www.linkedin.com\/in\/juanlabraga\/\"><strong>Juan Labraga<\/strong><\/a> (Director de Asesor\u00eda en Pol\u00edtica Comercial del <a href=\"https:\/\/www.linkedin.com\/company\/ministerio-de-econom-a-y-finanzas-uruguay\/\"><strong>Ministerio de Econom\u00eda y Finanzas, Uruguay<\/strong><\/a>), <a href=\"https:\/\/www.linkedin.com\/in\/jer%C3%B3nimo-reyes-hansz-5273b656\/\"><strong>Jer\u00f3nimo Reyes Hansz<\/strong><\/a> (Presidente de <a href=\"https:\/\/www.linkedin.com\/company\/instituto-nacional-de-log-stica\/\"><strong>Instituto Nacional de Log\u00edstica (INALOG)<\/strong><\/a>) y <a href=\"https:\/\/www.linkedin.com\/in\/ruben-azar-scarone-19796534\/\"><strong>Ruben Azar Scarone<\/strong><\/a> (CEO de <a href=\"https:\/\/www.linkedin.com\/company\/grupo-ras\/\"><strong>GRUPO RAS<\/strong><\/a> ), quienes compartieron su visi\u00f3n sobre los desaf\u00edos y oportunidades que plantea este nuevo escenario.<br><br>En este contexto, presentamos los resultados del Monitor Tecnolog, que reflejan la creciente relevancia del sector, con exportaciones de servicios log\u00edsticos que superaron los USD 880 millones en 2025 y perspectivas de crecimiento sostenido.<br><br>Este tipo de instancias contribuyen a:<br><br>* Fortalecer el di\u00e1logo entre actores clave<br>* Generar informaci\u00f3n estrat\u00e9gica para la toma de decisiones<br>* Impulsar el desarrollo del ecosistema log\u00edstico uruguayo<br><br>Agradecemos a todos los que formaron parte de este espacio de intercambio. Desde Fundaci\u00f3n Tecnolog, continuamos trabajando para generar conocimiento y promover iniciativas que aporten al desarrollo del sector log\u00edstico del pa\u00eds.\u00a0<\/p>\n\n\n\n<p><\/p>\n","protected":false},"excerpt":{"rendered":"<p>Desde Fundaci\u00f3n Tecnolog llevamos adelante el encuentro \u201cImpacto del Acuerdo UE\u2013Mercosur en la exportaci\u00f3n de servicios log\u00edsticos\u201d, un espacio orientado a analizar las oportunidades que este marco abre para Uruguay [&hellip;]<\/p>\n","protected":false},"author":3,"featured_media":2695,"comment_status":"open","ping_status":"closed","sticky":false,"template":"","format":"standard","meta":{"rs_blank_template":"","rs_page_bg_color":"","slide_template_v7":"","footnotes":""},"categories":[54],"tags":[],"class_list":["post-2694","post","type-post","status-publish","format-standard","has-post-thumbnail","hentry","category-eventos"],"featured_image_src":"https:\/\/fundaciontecnolog.org\/wp-content\/uploads\/2026\/04\/Imagen1.jpg","author_info":{"display_name":"Maximiliano Cuesta Baron","author_link":"https:\/\/fundaciontecnolog.org\/index.php\/author\/mcuesta\/"},"_links":{"self":[{"href":"https:\/\/fundaciontecnolog.org\/index.php\/wp-json\/wp\/v2\/posts\/2694","targetHints":{"allow":["GET"]}}],"collection":[{"href":"https:\/\/fundaciontecnolog.org\/index.php\/wp-json\/wp\/v2\/posts"}],"about":[{"href":"https:\/\/fundaciontecnolog.org\/index.php\/wp-json\/wp\/v2\/types\/post"}],"author":[{"embeddable":true,"href":"https:\/\/fundaciontecnolog.org\/index.php\/wp-json\/wp\/v2\/users\/3"}],"replies":[{"embeddable":true,"href":"https:\/\/fundaciontecnolog.org\/index.php\/wp-json\/wp\/v2\/comments?post=2694"}],"version-history":[{"count":1,"href":"https:\/\/fundaciontecnolog.org\/index.php\/wp-json\/wp\/v2\/posts\/2694\/revisions"}],"predecessor-version":[{"id":2696,"href":"https:\/\/fundaciontecnolog.org\/index.php\/wp-json\/wp\/v2\/posts\/2694\/revisions\/2696"}],"wp:featuredmedia":[{"embeddable":true,"href":"https:\/\/fundaciontecnolog.org\/index.php\/wp-json\/wp\/v2\/media\/2695"}],"wp:attachment":[{"href":"https:\/\/fundaciontecnolog.org\/index.php\/wp-json\/wp\/v2\/media?parent=2694"}],"wp:term":[{"taxonomy":"category","embeddable":true,"href":"https:\/\/fundaciontecnolog.org\/index.php\/wp-json\/wp\/v2\/categories?post=2694"},{"taxonomy":"post_tag","embeddable":true,"href":"https:\/\/fundaciontecnolog.org\/index.php\/wp-json\/wp\/v2\/tags?post=2694"}],"curies":[{"name":"wp","href":"https:\/\/api.w.org\/{rel}","templated":true}]}}