{"id":2037,"date":"2023-08-13T00:00:43","date_gmt":"2023-08-13T00:00:43","guid":{"rendered":"https:\/\/fundaciontecnolog.org\/?p=2037"},"modified":"2023-08-14T23:54:39","modified_gmt":"2023-08-14T23:54:39","slug":"lanzamiento-del-curso-auxiliar-de-deposito-comercio-internacional-y-manejo-de-autoelevadores","status":"publish","type":"post","link":"https:\/\/fundaciontecnolog.org\/index.php\/2023\/08\/13\/lanzamiento-del-curso-auxiliar-de-deposito-comercio-internacional-y-manejo-de-autoelevadores\/","title":{"rendered":"Lanzamiento del Curso &#8220;Auxiliar de Dep\u00f3sito, Comercio Internacional y Manejo de Autoelevadores&#8221;."},"content":{"rendered":"\n<p><strong>Fundaci\u00f3n Tecnolog<\/strong> se complace en lanzar su primer curso titulado <em>&#8220;Auxiliar de Dep\u00f3sito, Comercio Internacional y Manejo de Autoelevadores&#8221;<\/em>.<\/p>\n\n\n\n<p>Con el respaldo y la colaboraci\u00f3n del Municipio de <em>&#8220;18 de Mayo&#8221;<\/em>, la Direcci\u00f3n de Educaci\u00f3n y Trabajo, la Secretar\u00eda de Desarrollo Local y Participaci\u00f3n, la API Canelones, la Intendencia de Canelones y <strong>Grupo Ras<\/strong>, es posible llevar a cabo esta primera edici\u00f3n del curso.<\/p>\n\n\n\n<p>La misma est\u00e1 dirigida a la poblaci\u00f3n del municipio de 18 de mayo y tiene como fin fomentar la transferencia de conocimiento entre la academia y el sector productivo, brindando formaci\u00f3n de perfiles de empleo demandados en la zona de influencia.<\/p>\n\n\n\n<p>El curso consta de clases te\u00f3ricas que se dictar\u00e1n en el Centro Cultural del <em>&#8220;Municipio 18 de Mayo&#8221;<\/em>, y clases pr\u00e1cticas que se realizar\u00e1n en diversas plataformas log\u00edsticas de <strong>Grupo RAS<\/strong>, tales como su Parque Industrial Ruta 5, Puerto de Montevideo y Zona Franca. Durante las clases pr\u00e1cticas, los participantes tendr\u00e1n la oportunidad de observar de cerca las operaciones y la din\u00e1mica de las infraestructuras, donde se manipulan diferentes tipos de mercader\u00edas. Adem\u00e1s, el programa incluir\u00e1 tres talleres motivacionales y una evaluaci\u00f3n final.<\/p>\n\n\n\n<p>El objetivo es preparar a los estudiantes para su futura inserci\u00f3n laboral, proporcion\u00e1ndoles habilidades y conocimientos que les permitan familiarizarse r\u00e1pidamente con la gesti\u00f3n de dep\u00f3sitos y la tecnolog\u00eda asociada, as\u00ed como nociones b\u00e1sicas de comercio internacional. Tambi\u00e9n se les capacitar\u00e1 en el manejo te\u00f3rico-pr\u00e1ctico de autoelevadores, con la oportunidad de obtener la Libreta Profesional H, que los habilita para realizar dicha tarea.<\/p>\n\n\n\n<p>Con este enfoque integral, <strong>Fundaci\u00f3n Tecnolog<\/strong> se compromete a facilitar la formaci\u00f3n y empleabilidad de los participantes, fortaleciendo as\u00ed el desarrollo econ\u00f3mico y social de la regi\u00f3n.<\/p>\n","protected":false},"excerpt":{"rendered":"<p>Fundaci\u00f3n Tecnolog se complace en lanzar su primer curso titulado &#8220;Auxiliar de Dep\u00f3sito, Comercio Internacional y Manejo de Autoelevadores&#8221;. Con el respaldo y la colaboraci\u00f3n del Municipio de &#8220;18 de [&hellip;]<\/p>\n","protected":false},"author":1,"featured_media":2038,"comment_status":"open","ping_status":"closed","sticky":false,"template":"","format":"standard","meta":{"rs_blank_template":"","rs_page_bg_color":"","slide_template_v7":"","footnotes":""},"categories":[58],"tags":[],"class_list":["post-2037","post","type-post","status-publish","format-standard","has-post-thumbnail","hentry","category-cursos"],"featured_image_src":"https:\/\/fundaciontecnolog.org\/wp-content\/uploads\/2023\/08\/curso_lanzamineto.jpg","author_info":{"display_name":"admin","author_link":"https:\/\/fundaciontecnolog.org\/index.php\/author\/doblev23\/"},"_links":{"self":[{"href":"https:\/\/fundaciontecnolog.org\/index.php\/wp-json\/wp\/v2\/posts\/2037","targetHints":{"allow":["GET"]}}],"collection":[{"href":"https:\/\/fundaciontecnolog.org\/index.php\/wp-json\/wp\/v2\/posts"}],"about":[{"href":"https:\/\/fundaciontecnolog.org\/index.php\/wp-json\/wp\/v2\/types\/post"}],"author":[{"embeddable":true,"href":"https:\/\/fundaciontecnolog.org\/index.php\/wp-json\/wp\/v2\/users\/1"}],"replies":[{"embeddable":true,"href":"https:\/\/fundaciontecnolog.org\/index.php\/wp-json\/wp\/v2\/comments?post=2037"}],"version-history":[{"count":1,"href":"https:\/\/fundaciontecnolog.org\/index.php\/wp-json\/wp\/v2\/posts\/2037\/revisions"}],"predecessor-version":[{"id":2039,"href":"https:\/\/fundaciontecnolog.org\/index.php\/wp-json\/wp\/v2\/posts\/2037\/revisions\/2039"}],"wp:featuredmedia":[{"embeddable":true,"href":"https:\/\/fundaciontecnolog.org\/index.php\/wp-json\/wp\/v2\/media\/2038"}],"wp:attachment":[{"href":"https:\/\/fundaciontecnolog.org\/index.php\/wp-json\/wp\/v2\/media?parent=2037"}],"wp:term":[{"taxonomy":"category","embeddable":true,"href":"https:\/\/fundaciontecnolog.org\/index.php\/wp-json\/wp\/v2\/categories?post=2037"},{"taxonomy":"post_tag","embeddable":true,"href":"https:\/\/fundaciontecnolog.org\/index.php\/wp-json\/wp\/v2\/tags?post=2037"}],"curies":[{"name":"wp","href":"https:\/\/api.w.org\/{rel}","templated":true}]}}